{"id":3046,"date":"2023-04-03T21:25:00","date_gmt":"2023-04-04T00:25:00","guid":{"rendered":"https:\/\/rodadaguagsa.com.br\/index.php\/2021\/07\/26\/how-bidens-victory-will-affect-the-trade-globally\/"},"modified":"2025-01-16T16:48:04","modified_gmt":"2025-01-16T19:48:04","slug":"consumo-sustentavel-o-que-e","status":"publish","type":"post","link":"https:\/\/rodadaguagsa.com.br\/index.php\/2023\/04\/03\/consumo-sustentavel-o-que-e\/","title":{"rendered":"Consumo Sustent\u00e1vel: O que \u00e9?"},"content":{"rendered":"\t\t<div data-elementor-type=\"wp-post\" data-elementor-id=\"3046\" class=\"elementor elementor-3046\">\n\t\t\t\t\t\t<section class=\"elementor-section elementor-top-section elementor-element elementor-element-25342123 elementor-section-boxed elementor-section-height-default elementor-section-height-default\" data-id=\"25342123\" data-element_type=\"section\" data-e-type=\"section\">\n\t\t\t\t\t\t<div class=\"elementor-container elementor-column-gap-default\">\n\t\t\t\t\t<div class=\"elementor-column elementor-col-100 elementor-top-column elementor-element elementor-element-50889dcf\" data-id=\"50889dcf\" data-element_type=\"column\" data-e-type=\"column\">\n\t\t\t<div class=\"elementor-widget-wrap elementor-element-populated\">\n\t\t\t\t\t\t<div class=\"elementor-element elementor-element-5054e4c1 elementor-widget elementor-widget-text-editor\" data-id=\"5054e4c1\" data-element_type=\"widget\" data-e-type=\"widget\" data-widget_type=\"text-editor.default\">\n\t\t\t\t<div class=\"elementor-widget-container\">\n\t\t\t\t\t\t\t\t\t<p><\/p>\n<p>Consumir faz parte da vida das pessoas, mas consumir de forma descuidada gera v\u00e1rios problemas para o indiv\u00edduo, para a sociedade e para o planeta. O consumo sustent\u00e1vel \u00e9 um processo que requer reflex\u00e3o, pesquisa,\u00a0 planejamento e que gera diversos benef\u00edcios.<\/p>\n<p><\/p>\n<p><\/p>\n<h2 class=\"wp-block-image size-full\"><img decoding=\"async\" class=\"wp-image-4488\" src=\"https:\/\/rodadaguagsa.com.br\/wp-content\/uploads\/2021\/07\/service-img-three-1.jpg\" alt=\"\" \/><strong style=\"color: inherit; font-family: var(--fontFamily); font-size: var(--fontSize); font-style: var(--fontStyle,inherit); letter-spacing: var(--letterSpacing); text-transform: var(--textTransform); background-color: var(--background-color);\">1 &#8211; A hist\u00f3ria de diferentes consumidores.<\/strong><\/h2>\n<p><img fetchpriority=\"high\" decoding=\"async\" class=\"alignnone wp-image-10242 size-full\" src=\"https:\/\/rodadaguagsa.com.br\/wp-content\/uploads\/2023\/07\/BLD-485-270x270-1.jpg\" alt=\"\" width=\"270\" height=\"270\" srcset=\"https:\/\/rodadaguagsa.com.br\/wp-content\/uploads\/2023\/07\/BLD-485-270x270-1.jpg 270w, https:\/\/rodadaguagsa.com.br\/wp-content\/uploads\/2023\/07\/BLD-485-270x270-1-150x150.jpg 150w, https:\/\/rodadaguagsa.com.br\/wp-content\/uploads\/2023\/07\/BLD-485-270x270-1-170x170.jpg 170w\" sizes=\"(max-width: 270px) 100vw, 270px\" \/><\/p>\n<p><\/p>\n<p>Chegando do col\u00e9gio e entrando na cozinha de casa.<\/p>\n<p><\/p>\n<p>&#8211; Oi<\/p>\n<p><\/p>\n<p>&#8211; Oi! Como foram as aulas hoje?<\/p>\n<p><\/p>\n<p>&#8211; Tudo bem. Posso apagar a luz? O dia est\u00e1 claro. Desperd\u00edcio de energia.<\/p>\n<p><\/p>\n<p>&#8211; Sim&#8230; claro. Estou fazendo caf\u00e9. Quer?<\/p>\n<p><\/p>\n<p>&#8211; Quero. Feche a torneira enquanto est\u00e1 ensaboando a lou\u00e7a. Desperd\u00edcio de \u00e1gua.<\/p>\n<p><\/p>\n<p>&#8211; Certo&#8230; Parece que a escola est\u00e1 falando bastante de meio ambiente, n\u00e9? Poderia pegar o a\u00e7\u00facar?<\/p>\n<p><\/p>\n<p>&#8211; Sim, todos os professores falam sobre sustentabilidade. Este a\u00e7\u00facar n\u00e3o tem certificado de org\u00e2nico. E \u00e9 refinado&#8230; N\u00e3o \u00e9 bom para a sa\u00fade das pessoas e do planeta.<\/p>\n<p><\/p>\n<p>&#8211; Produto org\u00e2nico \u00e9 muito caro. N\u00e3o cabe no or\u00e7amento.<\/p>\n<p><\/p>\n<p>&#8211; A \u00e1gua j\u00e1 ferveu, desligue o g\u00e1s. Assim sobra dinheiro para o a\u00e7\u00facar org\u00e2nico.<\/p>\n<p><\/p>\n<p>&#8211; Que bom toda essa preocupa\u00e7\u00e3o com os gastos, j\u00e1 que quem paga as contas sou eu. Toda a colabora\u00e7\u00e3o \u00e9 boa. Mas nem todos est\u00e3o preocupados com meio ambiente, sabe? De que adianta somente uns poucos agirem se a maioria n\u00e3o faz nada?<\/p>\n<p><\/p>\n<p>&#8211; Se n\u00e3o fizermos nada pelo planeta e por nossa sa\u00fade, quem vai pagar, e muito caro, seremos todos n\u00f3s, principalmente minha gera\u00e7\u00e3o (d\u00e1 um beijinho afetuoso no rosto).<\/p>\n<p><\/p>\n<h2 class=\"wp-block-heading\"><strong>2 &#8211; Consumo e sustentabilidade<\/strong><\/h2>\n<p><img decoding=\"async\" class=\"alignnone wp-image-10243 size-full\" src=\"https:\/\/rodadaguagsa.com.br\/wp-content\/uploads\/2023\/07\/BLD-pessoas-medias-coletando-doacoes-270x180-1.jpg\" alt=\"\" width=\"270\" height=\"180\" \/><\/p>\n<p><\/p>\n<p>A hist\u00f3ria aborda uma situa\u00e7\u00e3o muito comum: pessoas preocupadas com a sustentabilidade e sa\u00fade e pessoas que n\u00e3o mudam seus h\u00e1bitos devido a uma s\u00e9rie de dificuldades, incluindo financeira. Inicialmente \u00e9 importante entender o que \u00e9 consumo consciente e sua rela\u00e7\u00e3o com sustentabilidade.<\/p>\n<p><\/p>\n<h3 class=\"wp-block-heading\"><strong>2.1 &#8211; O que \u00e9 consumo consciente?<\/strong><\/h3>\n<blockquote>\n<p>\u00c9 consumir com melhor impacto, sem excessos ou desperd\u00edcios. \u00c9 fazer escolhas que contribuem para a sustentabilidade do planeta, para que haja o su\ufb01ciente para todos para sempre. (<a style=\"background-color: var(--background-color); font-family: var(--fontFamily); font-size: var(--fontSize); font-style: var(--fontStyle,inherit); font-weight: var(--fontWeight); letter-spacing: var(--letterSpacing); text-transform: var(--textTransform);\" href=\"https:\/\/akatu.org.br\/.\">Akatu)<\/a><\/p>\n<\/blockquote>\n<p><\/p>\n<p>Essa defini\u00e7\u00e3o est\u00e1 alinhada ao conceito de Desenvolvimento Sustent\u00e1vel: aquele que atende \u00e0s necessidades do presente sem comprometer a possibilidade das gera\u00e7\u00f5es futuras atenderem \u00e0s suas pr\u00f3prias necessidades (<a href=\"https:\/\/brasil.un.org\/pt-br\/91223-onu-e-o-meio-ambiente\">ONU<\/a>). Ou seja, \u00e9 importante produzir, consumir, pensar e agir de forma a garantir que o planeta continue vi\u00e1vel para quem o habita.\u00a0<\/p>\n<p><\/p>\n<p><\/p>\n<h3><strong>2.2 &#8211; O que \u00e9 consumo sustent\u00e1vel?<\/strong><\/h3>\n<p><\/p>\n<blockquote>\n<p>O consumo sustent\u00e1vel envolve a escolha de produtos que utilizaram menos recursos naturais em sua produ\u00e7\u00e3o, que garantiram o emprego decente aos que os produziram, e que ser\u00e3o facilmente reaproveitados ou reciclados (<a href=\"https:\/\/antigo.mma.gov.br\/responsabilidade-socioambiental\/producao-e-consumo-sustentavel\/conceitos\/consumo-sustentavel.html#:~:text=Significa%20comprar%20aquilo%20que%20%C3%A9,e%20sociais%20%E2%80%93%20positivas%20ou%20negativas.\">MMA<\/a>).<\/p>\n<\/blockquote>\n<p>\u00a0Novamente a preocupa\u00e7\u00e3o com a manuten\u00e7\u00e3o do planeta e o respeito ao ser humano, o que vai ao encontro da <a href=\"https:\/\/rodadaguagsa.com.br\/index.php\/2023\/02\/13\/sustentabilidade-pessoas\/\">sustentabilidade pessoal<\/a>.<\/p>\n<p><\/p>\n<h3 class=\"wp-block-heading\"><strong>2.3 &#8211; O que as pessoas ganham com a sustentabilidade?<\/strong><\/h3>\n<p><\/p>\n<p>Ao consumir de forma sustent\u00e1vel, pensando no meio ambiente, nas pessoas e nas finan\u00e7as pessoais, contribui-se com:<\/p>\n<p><\/p>\n<ul class=\"wp-block-list\">\n<li style=\"list-style-type: none;\">\n<ul><\/ul>\n<\/li>\n<\/ul>\n<ul>\n<li style=\"list-style-type: none;\">\n<ul>\n<li>Conserva\u00e7\u00e3o dos ecossistemas e seus benef\u00edcios para os seres humanos: \u00e1gua, alimentos, madeira, fibras, princ\u00edpios ativos para medicamentos e cosm\u00e9ticos, purifica\u00e7\u00e3o da \u00e1gua e do ar, regula\u00e7\u00e3o de solos e de processos de deslizamentos e inunda\u00e7\u00f5es, regula\u00e7\u00e3o do clima, lazer na natureza, inspira\u00e7\u00e3o art\u00edstica e folclor\u00edstica e educa\u00e7\u00e3o ambiental (<a href=\"https:\/\/www.infraestruturameioambiente.sp.gov.br\/educacaoambiental\/prateleira-ambiental\/servicos-ecossistemicos-e-bem-estar-humano-na-reserva-da-biosfera-do-cinturao-verde-da-cidade-de-sao-paulo\/\">Secretaria de Infraestrutura e\u00a0Meio Ambiente, de S\u00e3o Paulo<\/a>).<\/li>\n<\/ul>\n<\/li>\n<\/ul>\n<p><\/p>\n<ul>\n<li style=\"list-style-type: none;\">\n<ul>\n<li>Sociedade mais equilibrada, menos desigual.<\/li>\n<\/ul>\n<\/li>\n<\/ul>\n<p><\/p>\n<ul>\n<li style=\"list-style-type: none;\">\n<ul>\n<li>Manuten\u00e7\u00e3o do bem-estar humano (fortemente ligado aos ecossistemas), que engloba: acesso a bens materiais, sa\u00fade, seguran\u00e7a contra desastres naturais, boas rela\u00e7\u00f5es sociais, liberdade de escolha e a\u00e7\u00e3o<\/li>\n<li>(<a href=\"https:\/\/www.infraestruturameioambiente.sp.gov.br\/educacaoambiental\/prateleira-ambiental\/servicos-ecossistemicos-e-bem-estar-humano-na-reserva-da-biosfera-do-cinturao-verde-da-cidade-de-sao-paulo\/\">Secretaria de Infraestrutura e\u00a0Meio Ambiente, de S\u00e3o Paulo<\/a>)\u00a0<\/li>\n<\/ul>\n<\/li>\n<\/ul>\n<p><\/p>\n<ul>\n<li style=\"list-style-type: none;\">\n<ul>\n<li>Equil\u00edbrio das <a href=\"https:\/\/rodadaguagsa.com.br\/index.php\/2023\/03\/07\/financas-pessoais-o-que-e\/\">finan\u00e7as pessoais<\/a>, pois consumir de forma sustent\u00e1vel\u00a0inclui pesquisar, comprar e utilizar o que \u00e9 realmente necess\u00e1rio, contribuindo com o controle de gastos.<\/li>\n<\/ul>\n<\/li>\n<\/ul>\n<p><\/p>\n<ul>\n<li style=\"list-style-type: none;\">\n<ul>\n<li>Um mundo melhor no presente e no futuro.<\/li>\n<\/ul>\n<\/li>\n<\/ul>\n<p><\/p>\n<p><\/p>\n<h3 class=\"wp-block-heading\"><strong>2.4 &#8211; As dificuldades em adotar h\u00e1bitos de consumo consciente<\/strong><\/h3>\n<p><\/p>\n<p>Segundo o Instituto <a href=\"https:\/\/www.akatu.org.br\/noticia\/pesquisa-akatu-2018-traca-panorama-do-consumo-consciente-no-brasil\/\">Akatu<\/a>, existem barreiras que dificultam a ado\u00e7\u00e3o do consumo consciente, como por exemplo:<\/p>\n<p><\/p>\n<hr class=\"wp-block-separator has-alpha-channel-opacity\" \/>\n<p><\/p>\n<p><\/p>\n<ul class=\"wp-block-list\">\n<li style=\"list-style-type: none;\">\n<ul><\/ul>\n<\/li>\n<\/ul>\n<ul>\n<li style=\"list-style-type: none;\">\n<ul>\n<li>Pre\u00e7o alto de produtos sustent\u00e1veis.<\/li>\n<\/ul>\n<\/li>\n<\/ul>\n<p><\/p>\n<ul>\n<li style=\"list-style-type: none;\">\n<ul>\n<li>Dificuldade com mudan\u00e7a de h\u00e1bitos de consumo familiar e individual.<\/li>\n<\/ul>\n<\/li>\n<\/ul>\n<p><\/p>\n<ul>\n<li style=\"list-style-type: none;\">\n<ul>\n<li>Processo de longo prazo.<\/li>\n<\/ul>\n<\/li>\n<\/ul>\n<p><\/p>\n<ul>\n<li style=\"list-style-type: none;\">\n<ul>\n<li>Percep\u00e7\u00e3o de que governos, empresas e outras pessoas n\u00e3o fazem sua parte.<\/li>\n<\/ul>\n<\/li>\n<\/ul>\n<p><\/p>\n<ul>\n<li style=\"list-style-type: none;\">\n<ul>\n<li>Desconfian\u00e7a no desempenho de produtos sustent\u00e1veis.<\/li>\n<\/ul>\n<\/li>\n<\/ul>\n<p><\/p>\n<ul>\n<li style=\"list-style-type: none;\">\n<ul>\n<li>Abrir m\u00e3o de prazeres de consumo.<\/li>\n<\/ul>\n<\/li>\n<\/ul>\n<p><\/p>\n<p><\/p>\n<h2 class=\"wp-block-heading\"><strong>3 &#8211; Conclus\u00e3o<\/strong><\/h2>\n<p><\/p>\n<p>O consumo consciente ou sustent\u00e1vel \u00e9 importante para a manuten\u00e7\u00e3o do planeta e de seus ecossistemas, dos quais os seres humanos dependem. Embora seja uma preocupa\u00e7\u00e3o crescente, h\u00e1 barreiras para a ado\u00e7\u00e3o de um comportamento sustent\u00e1vel, que precisam ser superadas. Da mesma forma, a responsabilidade com as <a href=\"https:\/\/rodadaguagsa.com.br\/index.php\/2023\/03\/07\/financas-pessoais-o-que-e\/\">finan\u00e7as pessoais<\/a> \u00e9 importante para a<a href=\"https:\/\/rodadaguagsa.com.br\/index.php\/2023\/02\/13\/sustentabilidade-pessoas\/\"> sustentabilidade pessoal<\/a>, mas tamb\u00e9m pode apresentar <a href=\"https:\/\/rodadaguagsa.com.br\/index.php\/2023\/04\/25\/financas-pessoais-dificuldades\/\">dificuldades<\/a> para algumas pessoas.<\/p>\n<p>Por fim, ressalta-se a import\u00e2ncia de compreender o desenvolvimento regenerativo e o consumo sob essa vis\u00e3o, tema tratado em outros textos do blog.<\/p>\n<p><\/p>\n<p>\u00a0<\/p>\n<p><\/p>\t\t\t\t\t\t\t\t<\/div>\n\t\t\t\t<\/div>\n\t\t\t\t\t<\/div>\n\t\t<\/div>\n\t\t\t\t\t<\/div>\n\t\t<\/section>\n\t\t\t\t<\/div>\n\t\t","protected":false},"excerpt":{"rendered":"<p>Consumir faz parte da vida das pessoas, mas consumir de forma descuidada gera v\u00e1rios problemas para o indiv\u00edduo, para a [&hellip;]<\/p>\n","protected":false},"author":3,"featured_media":10240,"comment_status":"open","ping_status":"open","sticky":false,"template":"","format":"standard","meta":{"footnotes":"","_rishi_post_view_count":531},"categories":[19],"tags":[27,22,21,15,28],"class_list":["post-3046","post","type-post","status-publish","format-standard","has-post-thumbnail","hentry","category-sustentabilidade","tag-bebeficios-do-consumo-sustentavel","tag-consumo-consciente","tag-consumo-sustentavel","tag-desenvolvimento-sustentavel","tag-dificuldades-com-consumo-sustentavel","rishi-post"],"rishi__cb_customizer_meta":"","comments_count":"0","yoast_head":"<!-- This site is optimized with the Yoast SEO plugin v27.5 - https:\/\/yoast.com\/product\/yoast-seo-wordpress\/ -->\n<title>Consumo sustent\u00e1vel: o que \u00e9 e quais os benef\u00edcios<\/title>\n<meta name=\"description\" content=\"Texto da Roda d&#039;\u00c1gua sobre o conceito de consumo sustent\u00e1vel, consumo consciente e sua rela\u00e7\u00e3o com o Desenvolvimento Sustent\u00e1vel.\" \/>\n<meta name=\"robots\" content=\"index, follow, max-snippet:-1, max-image-preview:large, max-video-preview:-1\" \/>\n<link rel=\"canonical\" href=\"https:\/\/rodadaguagsa.com.br\/index.php\/2023\/04\/03\/consumo-sustentavel-o-que-e\/\" \/>\n<meta property=\"og:locale\" content=\"pt_BR\" \/>\n<meta property=\"og:type\" content=\"article\" \/>\n<meta property=\"og:title\" content=\"Consumo sustent\u00e1vel: o que \u00e9 e quais os benef\u00edcios\" \/>\n<meta property=\"og:description\" content=\"Texto da Roda d&#039;\u00c1gua sobre o conceito de consumo sustent\u00e1vel, consumo consciente e sua rela\u00e7\u00e3o com o Desenvolvimento Sustent\u00e1vel.\" \/>\n<meta property=\"og:url\" content=\"https:\/\/rodadaguagsa.com.br\/index.php\/2023\/04\/03\/consumo-sustentavel-o-que-e\/\" \/>\n<meta property=\"og:site_name\" content=\"Roda d&#039;\u00c1gua Gest\u00e3o Socioambiental\" \/>\n<meta property=\"article:published_time\" content=\"2023-04-04T00:25:00+00:00\" \/>\n<meta property=\"article:modified_time\" content=\"2025-01-16T19:48:04+00:00\" \/>\n<meta property=\"og:image\" content=\"https:\/\/rodadaguagsa.com.br\/wp-content\/uploads\/2023\/04\/BLD-mulher-reciclando-sobras-de-vegetais-2048x1511-1.jpg\" \/>\n\t<meta property=\"og:image:width\" content=\"1473\" \/>\n\t<meta property=\"og:image:height\" content=\"1087\" \/>\n\t<meta property=\"og:image:type\" content=\"image\/jpeg\" \/>\n<meta name=\"author\" content=\"Bely Pires\" \/>\n<meta name=\"twitter:card\" content=\"summary_large_image\" \/>\n<meta name=\"twitter:label1\" content=\"Escrito por\" \/>\n\t<meta name=\"twitter:data1\" content=\"Bely Pires\" \/>\n\t<meta name=\"twitter:label2\" content=\"Est. tempo de leitura\" \/>\n\t<meta name=\"twitter:data2\" content=\"5 minutos\" \/>\n<script type=\"application\/ld+json\" class=\"yoast-schema-graph\">{\"@context\":\"https:\\\/\\\/schema.org\",\"@graph\":[{\"@type\":\"Article\",\"@id\":\"https:\\\/\\\/rodadaguagsa.com.br\\\/index.php\\\/2023\\\/04\\\/03\\\/consumo-sustentavel-o-que-e\\\/#article\",\"isPartOf\":{\"@id\":\"https:\\\/\\\/rodadaguagsa.com.br\\\/index.php\\\/2023\\\/04\\\/03\\\/consumo-sustentavel-o-que-e\\\/\"},\"author\":{\"name\":\"Bely Pires\",\"@id\":\"https:\\\/\\\/rodadaguagsa.com.br\\\/#\\\/schema\\\/person\\\/ddf6077abc6ed6680d68cdfe2990c92b\"},\"headline\":\"Consumo Sustent\u00e1vel: O que \u00e9?\",\"datePublished\":\"2023-04-04T00:25:00+00:00\",\"dateModified\":\"2025-01-16T19:48:04+00:00\",\"mainEntityOfPage\":{\"@id\":\"https:\\\/\\\/rodadaguagsa.com.br\\\/index.php\\\/2023\\\/04\\\/03\\\/consumo-sustentavel-o-que-e\\\/\"},\"wordCount\":837,\"commentCount\":0,\"publisher\":{\"@id\":\"https:\\\/\\\/rodadaguagsa.com.br\\\/#organization\"},\"image\":{\"@id\":\"https:\\\/\\\/rodadaguagsa.com.br\\\/index.php\\\/2023\\\/04\\\/03\\\/consumo-sustentavel-o-que-e\\\/#primaryimage\"},\"thumbnailUrl\":\"https:\\\/\\\/rodadaguagsa.com.br\\\/wp-content\\\/uploads\\\/2023\\\/04\\\/BLD-mulher-reciclando-sobras-de-vegetais-2048x1511-1.jpg\",\"keywords\":[\"bebef\u00edcios do consumo sustent\u00e1vel\",\"consumo consciente\",\"consumo sustent\u00e1vel\",\"desenvolvimento sustent\u00e1vel\",\"dificuldades com consumo sustent\u00e1vel\"],\"articleSection\":[\"Sustentabilidade\"],\"inLanguage\":\"pt-BR\",\"potentialAction\":[{\"@type\":\"CommentAction\",\"name\":\"Comment\",\"target\":[\"https:\\\/\\\/rodadaguagsa.com.br\\\/index.php\\\/2023\\\/04\\\/03\\\/consumo-sustentavel-o-que-e\\\/#respond\"]}]},{\"@type\":\"WebPage\",\"@id\":\"https:\\\/\\\/rodadaguagsa.com.br\\\/index.php\\\/2023\\\/04\\\/03\\\/consumo-sustentavel-o-que-e\\\/\",\"url\":\"https:\\\/\\\/rodadaguagsa.com.br\\\/index.php\\\/2023\\\/04\\\/03\\\/consumo-sustentavel-o-que-e\\\/\",\"name\":\"Consumo sustent\u00e1vel: o que \u00e9 e quais os benef\u00edcios\",\"isPartOf\":{\"@id\":\"https:\\\/\\\/rodadaguagsa.com.br\\\/#website\"},\"primaryImageOfPage\":{\"@id\":\"https:\\\/\\\/rodadaguagsa.com.br\\\/index.php\\\/2023\\\/04\\\/03\\\/consumo-sustentavel-o-que-e\\\/#primaryimage\"},\"image\":{\"@id\":\"https:\\\/\\\/rodadaguagsa.com.br\\\/index.php\\\/2023\\\/04\\\/03\\\/consumo-sustentavel-o-que-e\\\/#primaryimage\"},\"thumbnailUrl\":\"https:\\\/\\\/rodadaguagsa.com.br\\\/wp-content\\\/uploads\\\/2023\\\/04\\\/BLD-mulher-reciclando-sobras-de-vegetais-2048x1511-1.jpg\",\"datePublished\":\"2023-04-04T00:25:00+00:00\",\"dateModified\":\"2025-01-16T19:48:04+00:00\",\"description\":\"Texto da Roda d'\u00c1gua sobre o conceito de consumo sustent\u00e1vel, consumo consciente e sua rela\u00e7\u00e3o com o Desenvolvimento Sustent\u00e1vel.\",\"breadcrumb\":{\"@id\":\"https:\\\/\\\/rodadaguagsa.com.br\\\/index.php\\\/2023\\\/04\\\/03\\\/consumo-sustentavel-o-que-e\\\/#breadcrumb\"},\"inLanguage\":\"pt-BR\",\"potentialAction\":[{\"@type\":\"ReadAction\",\"target\":[\"https:\\\/\\\/rodadaguagsa.com.br\\\/index.php\\\/2023\\\/04\\\/03\\\/consumo-sustentavel-o-que-e\\\/\"]}]},{\"@type\":\"ImageObject\",\"inLanguage\":\"pt-BR\",\"@id\":\"https:\\\/\\\/rodadaguagsa.com.br\\\/index.php\\\/2023\\\/04\\\/03\\\/consumo-sustentavel-o-que-e\\\/#primaryimage\",\"url\":\"https:\\\/\\\/rodadaguagsa.com.br\\\/wp-content\\\/uploads\\\/2023\\\/04\\\/BLD-mulher-reciclando-sobras-de-vegetais-2048x1511-1.jpg\",\"contentUrl\":\"https:\\\/\\\/rodadaguagsa.com.br\\\/wp-content\\\/uploads\\\/2023\\\/04\\\/BLD-mulher-reciclando-sobras-de-vegetais-2048x1511-1.jpg\",\"width\":1473,\"height\":1087},{\"@type\":\"BreadcrumbList\",\"@id\":\"https:\\\/\\\/rodadaguagsa.com.br\\\/index.php\\\/2023\\\/04\\\/03\\\/consumo-sustentavel-o-que-e\\\/#breadcrumb\",\"itemListElement\":[{\"@type\":\"ListItem\",\"position\":1,\"name\":\"In\u00edcio\",\"item\":\"https:\\\/\\\/rodadaguagsa.com.br\\\/\"},{\"@type\":\"ListItem\",\"position\":2,\"name\":\"Consumo Sustent\u00e1vel: O que \u00e9?\"}]},{\"@type\":\"WebSite\",\"@id\":\"https:\\\/\\\/rodadaguagsa.com.br\\\/#website\",\"url\":\"https:\\\/\\\/rodadaguagsa.com.br\\\/\",\"name\":\"rodadaguagsa.com.br\",\"description\":\"Sustentabilidade pessoal, gerenciamento financeiro, consumo sustent\u00e1vel, gest\u00e3o sociomabiental de organiza\u00e7\u00f5es\",\"publisher\":{\"@id\":\"https:\\\/\\\/rodadaguagsa.com.br\\\/#organization\"},\"potentialAction\":[{\"@type\":\"SearchAction\",\"target\":{\"@type\":\"EntryPoint\",\"urlTemplate\":\"https:\\\/\\\/rodadaguagsa.com.br\\\/?s={search_term_string}\"},\"query-input\":{\"@type\":\"PropertyValueSpecification\",\"valueRequired\":true,\"valueName\":\"search_term_string\"}}],\"inLanguage\":\"pt-BR\"},{\"@type\":\"Organization\",\"@id\":\"https:\\\/\\\/rodadaguagsa.com.br\\\/#organization\",\"name\":\"Roda d'\u00c1gua Gest\u00e3o Socioambiental\",\"url\":\"https:\\\/\\\/rodadaguagsa.com.br\\\/\",\"logo\":{\"@type\":\"ImageObject\",\"inLanguage\":\"pt-BR\",\"@id\":\"https:\\\/\\\/rodadaguagsa.com.br\\\/#\\\/schema\\\/logo\\\/image\\\/\",\"url\":\"https:\\\/\\\/rodadaguagsa.com.br\\\/wp-content\\\/uploads\\\/2023\\\/02\\\/logocor2vazado.gif\",\"contentUrl\":\"https:\\\/\\\/rodadaguagsa.com.br\\\/wp-content\\\/uploads\\\/2023\\\/02\\\/logocor2vazado.gif\",\"width\":2436,\"height\":951,\"caption\":\"Roda d'\u00c1gua Gest\u00e3o Socioambiental\"},\"image\":{\"@id\":\"https:\\\/\\\/rodadaguagsa.com.br\\\/#\\\/schema\\\/logo\\\/image\\\/\"}},{\"@type\":\"Person\",\"@id\":\"https:\\\/\\\/rodadaguagsa.com.br\\\/#\\\/schema\\\/person\\\/ddf6077abc6ed6680d68cdfe2990c92b\",\"name\":\"Bely Pires\",\"image\":{\"@type\":\"ImageObject\",\"inLanguage\":\"pt-BR\",\"@id\":\"https:\\\/\\\/secure.gravatar.com\\\/avatar\\\/10bb80b7bd8574585439fb6f8313a707053310bb5f71076bbb8f39a7bd5e3ff6?s=96&d=mm&r=g\",\"url\":\"https:\\\/\\\/secure.gravatar.com\\\/avatar\\\/10bb80b7bd8574585439fb6f8313a707053310bb5f71076bbb8f39a7bd5e3ff6?s=96&d=mm&r=g\",\"contentUrl\":\"https:\\\/\\\/secure.gravatar.com\\\/avatar\\\/10bb80b7bd8574585439fb6f8313a707053310bb5f71076bbb8f39a7bd5e3ff6?s=96&d=mm&r=g\",\"caption\":\"Bely Pires\"},\"sameAs\":[\"https:\\\/\\\/www.rodadaguagsa.com.br\"],\"url\":\"https:\\\/\\\/rodadaguagsa.com.br\\\/index.php\\\/author\\\/bely\\\/\"}]}<\/script>\n<!-- \/ Yoast SEO plugin. -->","yoast_head_json":{"title":"Consumo sustent\u00e1vel: o que \u00e9 e quais os benef\u00edcios","description":"Texto da Roda d'\u00c1gua sobre o conceito de consumo sustent\u00e1vel, consumo consciente e sua rela\u00e7\u00e3o com o Desenvolvimento Sustent\u00e1vel.","robots":{"index":"index","follow":"follow","max-snippet":"max-snippet:-1","max-image-preview":"max-image-preview:large","max-video-preview":"max-video-preview:-1"},"canonical":"https:\/\/rodadaguagsa.com.br\/index.php\/2023\/04\/03\/consumo-sustentavel-o-que-e\/","og_locale":"pt_BR","og_type":"article","og_title":"Consumo sustent\u00e1vel: o que \u00e9 e quais os benef\u00edcios","og_description":"Texto da Roda d'\u00c1gua sobre o conceito de consumo sustent\u00e1vel, consumo consciente e sua rela\u00e7\u00e3o com o Desenvolvimento Sustent\u00e1vel.","og_url":"https:\/\/rodadaguagsa.com.br\/index.php\/2023\/04\/03\/consumo-sustentavel-o-que-e\/","og_site_name":"Roda d&#039;\u00c1gua Gest\u00e3o Socioambiental","article_published_time":"2023-04-04T00:25:00+00:00","article_modified_time":"2025-01-16T19:48:04+00:00","og_image":[{"width":1473,"height":1087,"url":"https:\/\/rodadaguagsa.com.br\/wp-content\/uploads\/2023\/04\/BLD-mulher-reciclando-sobras-de-vegetais-2048x1511-1.jpg","type":"image\/jpeg"}],"author":"Bely Pires","twitter_card":"summary_large_image","twitter_misc":{"Escrito por":"Bely Pires","Est. tempo de leitura":"5 minutos"},"schema":{"@context":"https:\/\/schema.org","@graph":[{"@type":"Article","@id":"https:\/\/rodadaguagsa.com.br\/index.php\/2023\/04\/03\/consumo-sustentavel-o-que-e\/#article","isPartOf":{"@id":"https:\/\/rodadaguagsa.com.br\/index.php\/2023\/04\/03\/consumo-sustentavel-o-que-e\/"},"author":{"name":"Bely Pires","@id":"https:\/\/rodadaguagsa.com.br\/#\/schema\/person\/ddf6077abc6ed6680d68cdfe2990c92b"},"headline":"Consumo Sustent\u00e1vel: O que \u00e9?","datePublished":"2023-04-04T00:25:00+00:00","dateModified":"2025-01-16T19:48:04+00:00","mainEntityOfPage":{"@id":"https:\/\/rodadaguagsa.com.br\/index.php\/2023\/04\/03\/consumo-sustentavel-o-que-e\/"},"wordCount":837,"commentCount":0,"publisher":{"@id":"https:\/\/rodadaguagsa.com.br\/#organization"},"image":{"@id":"https:\/\/rodadaguagsa.com.br\/index.php\/2023\/04\/03\/consumo-sustentavel-o-que-e\/#primaryimage"},"thumbnailUrl":"https:\/\/rodadaguagsa.com.br\/wp-content\/uploads\/2023\/04\/BLD-mulher-reciclando-sobras-de-vegetais-2048x1511-1.jpg","keywords":["bebef\u00edcios do consumo sustent\u00e1vel","consumo consciente","consumo sustent\u00e1vel","desenvolvimento sustent\u00e1vel","dificuldades com consumo sustent\u00e1vel"],"articleSection":["Sustentabilidade"],"inLanguage":"pt-BR","potentialAction":[{"@type":"CommentAction","name":"Comment","target":["https:\/\/rodadaguagsa.com.br\/index.php\/2023\/04\/03\/consumo-sustentavel-o-que-e\/#respond"]}]},{"@type":"WebPage","@id":"https:\/\/rodadaguagsa.com.br\/index.php\/2023\/04\/03\/consumo-sustentavel-o-que-e\/","url":"https:\/\/rodadaguagsa.com.br\/index.php\/2023\/04\/03\/consumo-sustentavel-o-que-e\/","name":"Consumo sustent\u00e1vel: o que \u00e9 e quais os benef\u00edcios","isPartOf":{"@id":"https:\/\/rodadaguagsa.com.br\/#website"},"primaryImageOfPage":{"@id":"https:\/\/rodadaguagsa.com.br\/index.php\/2023\/04\/03\/consumo-sustentavel-o-que-e\/#primaryimage"},"image":{"@id":"https:\/\/rodadaguagsa.com.br\/index.php\/2023\/04\/03\/consumo-sustentavel-o-que-e\/#primaryimage"},"thumbnailUrl":"https:\/\/rodadaguagsa.com.br\/wp-content\/uploads\/2023\/04\/BLD-mulher-reciclando-sobras-de-vegetais-2048x1511-1.jpg","datePublished":"2023-04-04T00:25:00+00:00","dateModified":"2025-01-16T19:48:04+00:00","description":"Texto da Roda d'\u00c1gua sobre o conceito de consumo sustent\u00e1vel, consumo consciente e sua rela\u00e7\u00e3o com o Desenvolvimento Sustent\u00e1vel.","breadcrumb":{"@id":"https:\/\/rodadaguagsa.com.br\/index.php\/2023\/04\/03\/consumo-sustentavel-o-que-e\/#breadcrumb"},"inLanguage":"pt-BR","potentialAction":[{"@type":"ReadAction","target":["https:\/\/rodadaguagsa.com.br\/index.php\/2023\/04\/03\/consumo-sustentavel-o-que-e\/"]}]},{"@type":"ImageObject","inLanguage":"pt-BR","@id":"https:\/\/rodadaguagsa.com.br\/index.php\/2023\/04\/03\/consumo-sustentavel-o-que-e\/#primaryimage","url":"https:\/\/rodadaguagsa.com.br\/wp-content\/uploads\/2023\/04\/BLD-mulher-reciclando-sobras-de-vegetais-2048x1511-1.jpg","contentUrl":"https:\/\/rodadaguagsa.com.br\/wp-content\/uploads\/2023\/04\/BLD-mulher-reciclando-sobras-de-vegetais-2048x1511-1.jpg","width":1473,"height":1087},{"@type":"BreadcrumbList","@id":"https:\/\/rodadaguagsa.com.br\/index.php\/2023\/04\/03\/consumo-sustentavel-o-que-e\/#breadcrumb","itemListElement":[{"@type":"ListItem","position":1,"name":"In\u00edcio","item":"https:\/\/rodadaguagsa.com.br\/"},{"@type":"ListItem","position":2,"name":"Consumo Sustent\u00e1vel: O que \u00e9?"}]},{"@type":"WebSite","@id":"https:\/\/rodadaguagsa.com.br\/#website","url":"https:\/\/rodadaguagsa.com.br\/","name":"rodadaguagsa.com.br","description":"Sustentabilidade pessoal, gerenciamento financeiro, consumo sustent\u00e1vel, gest\u00e3o sociomabiental de organiza\u00e7\u00f5es","publisher":{"@id":"https:\/\/rodadaguagsa.com.br\/#organization"},"potentialAction":[{"@type":"SearchAction","target":{"@type":"EntryPoint","urlTemplate":"https:\/\/rodadaguagsa.com.br\/?s={search_term_string}"},"query-input":{"@type":"PropertyValueSpecification","valueRequired":true,"valueName":"search_term_string"}}],"inLanguage":"pt-BR"},{"@type":"Organization","@id":"https:\/\/rodadaguagsa.com.br\/#organization","name":"Roda d'\u00c1gua Gest\u00e3o Socioambiental","url":"https:\/\/rodadaguagsa.com.br\/","logo":{"@type":"ImageObject","inLanguage":"pt-BR","@id":"https:\/\/rodadaguagsa.com.br\/#\/schema\/logo\/image\/","url":"https:\/\/rodadaguagsa.com.br\/wp-content\/uploads\/2023\/02\/logocor2vazado.gif","contentUrl":"https:\/\/rodadaguagsa.com.br\/wp-content\/uploads\/2023\/02\/logocor2vazado.gif","width":2436,"height":951,"caption":"Roda d'\u00c1gua Gest\u00e3o Socioambiental"},"image":{"@id":"https:\/\/rodadaguagsa.com.br\/#\/schema\/logo\/image\/"}},{"@type":"Person","@id":"https:\/\/rodadaguagsa.com.br\/#\/schema\/person\/ddf6077abc6ed6680d68cdfe2990c92b","name":"Bely Pires","image":{"@type":"ImageObject","inLanguage":"pt-BR","@id":"https:\/\/secure.gravatar.com\/avatar\/10bb80b7bd8574585439fb6f8313a707053310bb5f71076bbb8f39a7bd5e3ff6?s=96&d=mm&r=g","url":"https:\/\/secure.gravatar.com\/avatar\/10bb80b7bd8574585439fb6f8313a707053310bb5f71076bbb8f39a7bd5e3ff6?s=96&d=mm&r=g","contentUrl":"https:\/\/secure.gravatar.com\/avatar\/10bb80b7bd8574585439fb6f8313a707053310bb5f71076bbb8f39a7bd5e3ff6?s=96&d=mm&r=g","caption":"Bely Pires"},"sameAs":["https:\/\/www.rodadaguagsa.com.br"],"url":"https:\/\/rodadaguagsa.com.br\/index.php\/author\/bely\/"}]}},"_links":{"self":[{"href":"https:\/\/rodadaguagsa.com.br\/index.php\/wp-json\/wp\/v2\/posts\/3046","targetHints":{"allow":["GET"]}}],"collection":[{"href":"https:\/\/rodadaguagsa.com.br\/index.php\/wp-json\/wp\/v2\/posts"}],"about":[{"href":"https:\/\/rodadaguagsa.com.br\/index.php\/wp-json\/wp\/v2\/types\/post"}],"author":[{"embeddable":true,"href":"https:\/\/rodadaguagsa.com.br\/index.php\/wp-json\/wp\/v2\/users\/3"}],"replies":[{"embeddable":true,"href":"https:\/\/rodadaguagsa.com.br\/index.php\/wp-json\/wp\/v2\/comments?post=3046"}],"version-history":[{"count":94,"href":"https:\/\/rodadaguagsa.com.br\/index.php\/wp-json\/wp\/v2\/posts\/3046\/revisions"}],"predecessor-version":[{"id":10246,"href":"https:\/\/rodadaguagsa.com.br\/index.php\/wp-json\/wp\/v2\/posts\/3046\/revisions\/10246"}],"wp:featuredmedia":[{"embeddable":true,"href":"https:\/\/rodadaguagsa.com.br\/index.php\/wp-json\/wp\/v2\/media\/10240"}],"wp:attachment":[{"href":"https:\/\/rodadaguagsa.com.br\/index.php\/wp-json\/wp\/v2\/media?parent=3046"}],"wp:term":[{"taxonomy":"category","embeddable":true,"href":"https:\/\/rodadaguagsa.com.br\/index.php\/wp-json\/wp\/v2\/categories?post=3046"},{"taxonomy":"post_tag","embeddable":true,"href":"https:\/\/rodadaguagsa.com.br\/index.php\/wp-json\/wp\/v2\/tags?post=3046"}],"curies":[{"name":"wp","href":"https:\/\/api.w.org\/{rel}","templated":true}]}}