{"id":3059,"date":"2023-02-13T11:58:00","date_gmt":"2023-02-13T14:58:00","guid":{"rendered":"https:\/\/rodadaguagsa.com.br\/index.php\/2021\/07\/29\/transforming-into-the-digital-enterprize\/"},"modified":"2025-01-16T16:48:21","modified_gmt":"2025-01-16T19:48:21","slug":"sustentabilidade-pessoas","status":"publish","type":"post","link":"https:\/\/rodadaguagsa.com.br\/index.php\/2023\/02\/13\/sustentabilidade-pessoas\/","title":{"rendered":"Sustentabilidade das pessoas: o que \u00e9 e qual sua rela\u00e7\u00e3o com Desenvolvimento Sustent\u00e1vel"},"content":{"rendered":"\t\t<div data-elementor-type=\"wp-post\" data-elementor-id=\"3059\" class=\"elementor elementor-3059\">\n\t\t\t\t\t\t<section class=\"elementor-section elementor-top-section elementor-element elementor-element-2577cbe1 elementor-section-boxed elementor-section-height-default elementor-section-height-default\" data-id=\"2577cbe1\" data-element_type=\"section\" data-e-type=\"section\">\n\t\t\t\t\t\t<div class=\"elementor-container elementor-column-gap-default\">\n\t\t\t\t\t<div class=\"elementor-column elementor-col-100 elementor-top-column elementor-element elementor-element-1b2d331\" data-id=\"1b2d331\" data-element_type=\"column\" data-e-type=\"column\">\n\t\t\t<div class=\"elementor-widget-wrap elementor-element-populated\">\n\t\t\t\t\t\t<div class=\"elementor-element elementor-element-6c7b4bc4 elementor-widget elementor-widget-text-editor\" data-id=\"6c7b4bc4\" data-element_type=\"widget\" data-e-type=\"widget\" data-widget_type=\"text-editor.default\">\n\t\t\t\t<div class=\"elementor-widget-container\">\n\t\t\t\t\t\t\t\t\t<p><\/p>\n<p>Muitas pessoas j\u00e1 ouviram falar sobre desenvolvimento sustent\u00e1vel e entendem a import\u00e2ncia de conservar o meio ambiente. Gostariam de ter um padr\u00e3o mais sustent\u00e1vel de consumo e contribuir com um futuro melhor para a fam\u00edlia, mas nem sempre sabem exatamente o que \u00e9 isso e como fazer. E tamb\u00e9m precisam equilibrar suas finan\u00e7as pessoais. Como conciliar isso? Este texto introdut\u00f3rio trata desse tema. Partindo-se da ideia de desenvolvimento sustent\u00e1vel, apresenta-se um conceito de sustentabilidade de cada indiv\u00edduo, que ajuda a refletir sobre o que \u00e9 preciso considerar no consumo sustent\u00e1vel.<\/p>\n<p><img fetchpriority=\"high\" decoding=\"async\" class=\"alignnone wp-image-10249 size-full\" src=\"https:\/\/rodadaguagsa.com.br\/wp-content\/uploads\/2023\/07\/BLD-5294-300x180-1.jpg\" alt=\"\" width=\"300\" height=\"180\" \/><\/p>\n<p><\/p>\n<blockquote class=\"wp-block-quote is-style-default\">\n<p>Desenvolvimento Sustent\u00e1vel \u00e9 aquele que atende \u00e0s necessidades do presente sem comprometer a possibilidade das gera\u00e7\u00f5es futuras atenderem \u00e0s suas pr\u00f3prias necessidades (<strong style=\"color: var(--primarycolor); font-family: var(--fontFamily); font-size: var(--fontSize); letter-spacing: var(--letterSpacing); text-transform: var(--textTransform); font-style: italic; background-color: var(--basecolor);\">Comiss\u00e3o Mundial sobre Meio Ambiente e Desenvolvimento, 1987)<\/strong><\/p>\n<\/blockquote>\n<p><\/p>\n<hr \/>\n<p><img decoding=\"async\" class=\"alignnone wp-image-10250 size-full\" src=\"https:\/\/rodadaguagsa.com.br\/wp-content\/uploads\/2023\/07\/BLD-palavra-nao-feita-de-acucar-e-cafe-em-fundo-rosa-plano-270x180-1.jpg\" alt=\"\" width=\"270\" height=\"180\" \/><\/p>\n<h2><strong>1 &#8211; A hist\u00f3ria de duas pessoas comprando a\u00e7\u00facar<\/strong><\/h2>\n<p>Andando pelo supermercado, param em frente \u00e0 g\u00f4ndola.<\/p>\n<p>&#8211; Este a\u00e7\u00facar est\u00e1 com pre\u00e7o bom.<\/p>\n<p>&#8211; \u00c9 org\u00e2nico?<\/p>\n<p>&#8211; N\u00e3o tem nada informando.<\/p>\n<p>&#8211; Este outro \u00e9. Veja.<\/p>\n<p>&#8211; Est\u00e1\u00a0 mais caro.<\/p>\n<p>&#8211; Mas \u00e9 melhor para o meio ambiente e para sua sa\u00fade, n\u00e3o \u00e9 refinado.<\/p>\n<p>&#8211; Melhor seria n\u00e3o consumir a\u00e7\u00facar&#8230;<\/p>\n<p>&#8211; Esse valor nem \u00e9 t\u00e3o alto. Est\u00e1 dentro do or\u00e7amento?<\/p>\n<p>&#8211; Se tirar o biscoito da lista de compras, tudo bem.<\/p>\n<p>&#8211; Mas \u00e9 um valor t\u00e3o baixo&#8230;<\/p>\n<p>&#8211; Melhor para a sa\u00fade n\u00e3o comer biscoito. E com esse valor a mais nas compras, entro no cheque especial. N\u00e3o vou pagar juros de mais de 130% ao ano!<\/p>\n<p>&#8211; Ok, ok. Esse a\u00e7\u00facar org\u00e2nico tem selo de com\u00e9rcio justo?<\/p>\n<p>&#8211; Como? Tem isso tamb\u00e9m?<\/p>\n<p>&#8211; Claro! N\u00e3o adianta ser melhor para o meio ambiente se n\u00e3o respeitar o direito dos funcion\u00e1rios, usar trabalho an\u00e1logo \u00e0 escravid\u00e3o, explorar fornecedores, empregar crian\u00e7as&#8230;<\/p>\n<p>&#8211; Ai, meu Deus! Tem sim um selo de com\u00e9rcio justo.<\/p>\n<p>&#8211; \u00d3timo! Podemos levar este ent\u00e3o.<\/p>\n<p>&#8211; Que dificuldade para comprar um a\u00e7\u00facar. E as compras mal come\u00e7aram. J\u00e1 vi que vai dar trabalho&#8230;<\/p>\n<p>&#8211; D\u00e1 mais trabalho reparar danos ambientais, trabalhistas, financeiros e \u00e0 sa\u00fade, n\u00e3o \u00e9?<\/p>\n<p>&#8211; \u00c9&#8230; tem raz\u00e3o.<\/p>\n<h2><strong>2 \u2013 Desenvolvimento sustent\u00e1vel e sustentabilidade pessoal<\/strong><\/h2>\n<p>O conflito das pessoas dessa hist\u00f3ria est\u00e1 na inten\u00e7\u00e3o de conciliar a necessidade de adquirir um produto, equilibrar finan\u00e7as, cuidar da sa\u00fade, a conserva\u00e7\u00e3o do meio ambiente e o respeito aos seres humanos. Exige reflex\u00e3o, pesquisa, paci\u00eancia e conhecimentos sobre sustentabilidade.<\/p>\n<h3><strong>2.1 \u2013 O que \u00e9 Desenvolvimento Sustent\u00e1vel?<\/strong><\/h3>\n<p>\u00c9 aquele que atende \u00e0s necessidades do presente sem comprometer a possibilidade das gera\u00e7\u00f5es futuras atenderem \u00e0s suas pr\u00f3prias necessidades <u>(<\/u><a href=\"https:\/\/brasil.un.org\/pt-br\/91223-onu-e-o-meio-ambiente\">ONU<\/a><u>).<\/u> Ou seja, \u00e9 importante a busca pelo bem-estar no presente, mas \u00e9 necess\u00e1rio pensar no bem-estar futuro de todas as pessoas e para isso o meio ambiente (do qual somos dependentes) precisa ser conservado. Em 2015, a ONU tamb\u00e9m definiu 17 <a href=\"https:\/\/brasil.un.org\/pt-br\/sdgs\">Objetivos de Desenvolvimento Sustent\u00e1ve<\/a>l (ODS) a serem alcan\u00e7ados at\u00e9 2030, com uma abrang\u00eancia maior de temas, tendo em vista os diversos problemas que a sociedade atual enfrenta.<\/p>\n<p>Ainda nessa abordagem de sustentabilidade, v\u00e1rias empresas est\u00e3o procurando adotar pr\u00e1ticas ESG, termo criado em 2004 pelo <a href=\"https:\/\/www.pactoglobal.org.br\/pg\/esg\"><u>Pacto Global<\/u> \u2013 ONU<\/a>, que engloba preocupa\u00e7\u00f5es ambientais, sociais e de governan\u00e7a corporativa (em ingl\u00eas, Environmental, Social, Governance). Outro conceito importante em destaque \u00e9 o Desenvolvimento Regenerativo, cuja vis\u00e3o parte do princ\u00edpio que seres humanos s\u00e3o parte integral da natureza e com ela h\u00e1 uma rela\u00e7\u00e3o m\u00fatua de benef\u00edcios. Dessa forma, as a\u00e7\u00f5es humanas nos ecossistemas devem possibilitar sua regenera\u00e7\u00e3o e, ao mesmo tempo, o atendimento \u00e0s necessidades das pessoas, precisam regenerar os ecossistemas e n\u00e3o apenas diminuir seu impacto.<\/p>\n<h3><strong>2.2 \u2013 Os pilares da sustentabilidade<\/strong><\/h3>\n<p>Para haver sustentabilidade, \u00e9 necess\u00e1rio haver:<\/p>\n<ul>\n<li>Responsabilidade ambiental (conserva\u00e7\u00e3o do meio ambiente e recursos naturais).<\/li>\n<li>Justi\u00e7a social (respeito \u00e0s pessoas envolvidas direta ou indiretamente nos processos produtivos).<\/li>\n<li>Viabilidade econ\u00f4mica (custos do processo produtivo precisam ser cobertos pelos ganhos e pre\u00e7os acess\u00edveis aos consumidores).<\/li>\n<\/ul>\n<p>A <a href=\"https:\/\/www.gaiaeducation.org\">Gaia Education<\/a> aborda quatro dimens\u00f5es da sustentabilidade:<\/p>\n<ul>\n<li>Social: equidade social, inclus\u00e3o, justi\u00e7a, participa\u00e7\u00e3o e a\u00e7\u00e3o colaborativa.<\/li>\n<li>Econ\u00f4mica: equidade econ\u00f4mica, import\u00e2ncia de economias locais e transi\u00e7\u00e3o para processos produtivos de baixo impacto e que contribuam com a regenera\u00e7\u00e3o dos ecossistemas.<\/li>\n<li>Ecol\u00f3gica: preservar e regenerar os ecossistemas, fundamentais para a exist\u00eancia de vida humana e n\u00e3o-humana.<\/li>\n<li>Vis\u00e3o de mundo: cuidar da espiritualidade, da sa\u00fade f\u00edsica e mental e compreender que seres humanos s\u00e3o parte integrante da natureza.<\/li>\n<\/ul>\n<h3><strong>2.3 \u2013 A sustentabilidade de cada pessoa<\/strong><\/h3>\n<p>A partir dos conceitos acima, procurou-se definir uma abordagem para o indiv\u00edduo. Nesse sentido, \u00e9 proposto que, em seu padr\u00e3o de consumo e cidadania, cada pessoa considere as seguintes dimens\u00f5es:<\/p>\n<ul>\n<li>Meio ambiente: contribuir com a conserva\u00e7\u00e3o e regenera\u00e7\u00e3o dos ecossistemas e seus benef\u00edcios (servi\u00e7os ecossist\u00eamicos), dos quais somos dependentes.<\/li>\n<li>Sociedade: respeitar os seres humanos e a dignidade das pessoas envolvidas nos processos produtivos.<\/li>\n<li>Finan\u00e7as pessoais e Economia: buscar conhecimento e equil\u00edbrio financeiros (procurar n\u00e3o gastar mais do que recebe), evitando d\u00edvidas desnecess\u00e1rias, e contribuir com a melhor distribui\u00e7\u00e3o do dinheiro na sociedade.<\/li>\n<li>Indiv\u00edduo: compreender que seres humanos s\u00e3o partes integrantes da natureza e que ela est\u00e1 dentro de cada pessoa (o alimento que se come, a \u00e1gua que se bebe, o ar que se respira). Buscar o bem-estar individual (acesso a bens materiais necess\u00e1rios para uma vida digna, sa\u00fade f\u00edsica e mental, seguran\u00e7a, boas rela\u00e7\u00f5es sociais, liberdade de escolha e a\u00e7\u00e3o) sem que isso prejudique o bem-estar das outras pessoas e os ecossistemas.<\/li>\n<\/ul>\n<h2><strong>3- Conclus\u00e3o<\/strong><\/h2>\n<p>Partindo-se do desenvolvimento sustent\u00e1vel geral, chega-se \u00e0 sustentabilidade pessoal. O modo como se pensa e se age impacta (positiva ou negativamente) o ambiente e o pr\u00f3prio indiv\u00edduo. \u00c9 importante que cada pessoa considere em seu padr\u00e3o de consumo e em sua cidadania as dimens\u00f5es ambiental, social, financeira e individual. Isso implica num padr\u00e3o de <a href=\"https:\/\/rodadaguagsa.com.br\/index.php\/2023\/04\/03\/consumo-sustentavel-o-que-e\/\">consumo consciente e sustent\u00e1vel<\/a><a href=\"https:\/\/rodadaguagsa.com.br\/index.php\/2023\/04\/03\/consumo-sustentavel-o-que-e\">.<\/a> N\u00e3o significa que algu\u00e9m tenha que mudar seus h\u00e1bitos de um dia para o outro.\u00a0 \u00c9 um processo complexo e por isso \u00e9 fundamental que se fa\u00e7a o que for poss\u00edvel, procurando melhorias cont\u00ednuas.<\/p>\n<p>O importante \u00e9 come\u00e7ar e para isso h\u00e1 algumas ferramentas que podem ajudar em decis\u00f5es de consumo, como: selos de certifica\u00e7\u00e3o em produtos que indicam o respeito por quest\u00f5es ambiental e social; empresas que adotam pr\u00e1ticas <a href=\"https:\/\/www.pactoglobal.org.br\/pg\/esg\">ESG<\/a><u>;<\/u> <a href=\"https:\/\/www.b3.com.br\/pt_br\/market-data-e-indices\/indices\/indices-de-sustentabilidade\/indice-de-sustentabilidade-empresarial-ise-b3.htm\"><u>\u00cdndice de Sustentabilidade Empresarial<\/u><\/a> (da Bolsa de Valores);\u00a0 gest\u00e3o das <a href=\"https:\/\/rodadaguagsa.com.br\/index.php\/2023\/03\/07\/financas-pessoais-o-que-e\/\">finan\u00e7as pessoais<\/a>, com a compreens\u00e3o das <a href=\"https:\/\/rodadaguagsa.com.br\/index.php\/2023\/04\/25\/financas-pessoais-dificuldades\/\">dificuldades<\/a> que se tem com o tema,\u00a0 realiza\u00e7\u00e3o de previs\u00e3o e controle de recebimentos e gastos, al\u00e9m dos cuidados com a sa\u00fade individual.\u00a0<\/p>\n<figure class=\"wp-block-table is-style-stripes\"><\/figure>\n<p><!-- \/wp:table --><\/p>\t\t\t\t\t\t\t\t<\/div>\n\t\t\t\t<\/div>\n\t\t\t\t\t<\/div>\n\t\t<\/div>\n\t\t\t\t\t<\/div>\n\t\t<\/section>\n\t\t\t\t<\/div>\n\t\t","protected":false},"excerpt":{"rendered":"<p>Muitas pessoas j\u00e1 ouviram falar sobre desenvolvimento sustent\u00e1vel e entendem a import\u00e2ncia de conservar o meio ambiente. Gostariam de ter [&hellip;]<\/p>\n","protected":false},"author":3,"featured_media":10247,"comment_status":"closed","ping_status":"closed","sticky":false,"template":"","format":"standard","meta":{"footnotes":"","_rishi_post_view_count":354},"categories":[19],"tags":[18,15,17,16],"class_list":["post-3059","post","type-post","status-publish","format-standard","has-post-thumbnail","hentry","category-sustentabilidade","tag-bem-estar-humano","tag-desenvolvimento-sustentavel","tag-servicos-ecossistemicos","tag-sustentabilidade-pessoal","rishi-post"],"rishi__cb_customizer_meta":"","comments_count":"0","yoast_head":"<!-- This site is optimized with the Yoast SEO plugin v27.5 - https:\/\/yoast.com\/product\/yoast-seo-wordpress\/ -->\n<title>Sustentabilidade das pessoas<\/title>\n<meta name=\"description\" content=\"Texto sobre o conceito de sustentabilidade pessoal, que engloba respeito aos ecossistemas e \u00e0s pessoas, equil\u00edbrio financeiro e bem-estar individual.\" \/>\n<meta name=\"robots\" content=\"index, follow, max-snippet:-1, max-image-preview:large, max-video-preview:-1\" \/>\n<link rel=\"canonical\" href=\"https:\/\/rodadaguagsa.com.br\/index.php\/2023\/02\/13\/sustentabilidade-pessoas\/\" \/>\n<meta property=\"og:locale\" content=\"pt_BR\" \/>\n<meta property=\"og:type\" content=\"article\" \/>\n<meta property=\"og:title\" content=\"Sustentabilidade das pessoas\" \/>\n<meta property=\"og:description\" content=\"Texto sobre o conceito de sustentabilidade pessoal, que engloba respeito aos ecossistemas e \u00e0s pessoas, equil\u00edbrio financeiro e bem-estar individual.\" \/>\n<meta property=\"og:url\" content=\"https:\/\/rodadaguagsa.com.br\/index.php\/2023\/02\/13\/sustentabilidade-pessoas\/\" \/>\n<meta property=\"og:site_name\" content=\"Roda d&#039;\u00c1gua Gest\u00e3o Socioambiental\" \/>\n<meta property=\"article:published_time\" content=\"2023-02-13T14:58:00+00:00\" \/>\n<meta property=\"article:modified_time\" content=\"2025-01-16T19:48:21+00:00\" \/>\n<meta property=\"og:image\" content=\"https:\/\/rodadaguagsa.com.br\/wp-content\/uploads\/2023\/02\/BLD-DSC06383-2048x1536-1.jpg\" \/>\n\t<meta property=\"og:image:width\" content=\"1472\" \/>\n\t<meta property=\"og:image:height\" content=\"1104\" \/>\n\t<meta property=\"og:image:type\" content=\"image\/jpeg\" \/>\n<meta name=\"author\" content=\"Bely Pires\" \/>\n<meta name=\"twitter:card\" content=\"summary_large_image\" \/>\n<meta name=\"twitter:label1\" content=\"Escrito por\" \/>\n\t<meta name=\"twitter:data1\" content=\"Bely Pires\" \/>\n\t<meta name=\"twitter:label2\" content=\"Est. tempo de leitura\" \/>\n\t<meta name=\"twitter:data2\" content=\"7 minutos\" \/>\n<script type=\"application\/ld+json\" class=\"yoast-schema-graph\">{\"@context\":\"https:\\\/\\\/schema.org\",\"@graph\":[{\"@type\":\"Article\",\"@id\":\"https:\\\/\\\/rodadaguagsa.com.br\\\/index.php\\\/2023\\\/02\\\/13\\\/sustentabilidade-pessoas\\\/#article\",\"isPartOf\":{\"@id\":\"https:\\\/\\\/rodadaguagsa.com.br\\\/index.php\\\/2023\\\/02\\\/13\\\/sustentabilidade-pessoas\\\/\"},\"author\":{\"name\":\"Bely Pires\",\"@id\":\"https:\\\/\\\/rodadaguagsa.com.br\\\/#\\\/schema\\\/person\\\/ddf6077abc6ed6680d68cdfe2990c92b\"},\"headline\":\"Sustentabilidade das pessoas: o que \u00e9 e qual sua rela\u00e7\u00e3o com Desenvolvimento Sustent\u00e1vel\",\"datePublished\":\"2023-02-13T14:58:00+00:00\",\"dateModified\":\"2025-01-16T19:48:21+00:00\",\"mainEntityOfPage\":{\"@id\":\"https:\\\/\\\/rodadaguagsa.com.br\\\/index.php\\\/2023\\\/02\\\/13\\\/sustentabilidade-pessoas\\\/\"},\"wordCount\":1165,\"publisher\":{\"@id\":\"https:\\\/\\\/rodadaguagsa.com.br\\\/#organization\"},\"image\":{\"@id\":\"https:\\\/\\\/rodadaguagsa.com.br\\\/index.php\\\/2023\\\/02\\\/13\\\/sustentabilidade-pessoas\\\/#primaryimage\"},\"thumbnailUrl\":\"https:\\\/\\\/rodadaguagsa.com.br\\\/wp-content\\\/uploads\\\/2023\\\/02\\\/BLD-DSC06383-2048x1536-1.jpg\",\"keywords\":[\"Bem-estar humano\",\"desenvolvimento sustent\u00e1vel\",\"Servi\u00e7os ecossist\u00eamicos\",\"sustentabilidade pessoal\"],\"articleSection\":[\"Sustentabilidade\"],\"inLanguage\":\"pt-BR\"},{\"@type\":\"WebPage\",\"@id\":\"https:\\\/\\\/rodadaguagsa.com.br\\\/index.php\\\/2023\\\/02\\\/13\\\/sustentabilidade-pessoas\\\/\",\"url\":\"https:\\\/\\\/rodadaguagsa.com.br\\\/index.php\\\/2023\\\/02\\\/13\\\/sustentabilidade-pessoas\\\/\",\"name\":\"Sustentabilidade das pessoas\",\"isPartOf\":{\"@id\":\"https:\\\/\\\/rodadaguagsa.com.br\\\/#website\"},\"primaryImageOfPage\":{\"@id\":\"https:\\\/\\\/rodadaguagsa.com.br\\\/index.php\\\/2023\\\/02\\\/13\\\/sustentabilidade-pessoas\\\/#primaryimage\"},\"image\":{\"@id\":\"https:\\\/\\\/rodadaguagsa.com.br\\\/index.php\\\/2023\\\/02\\\/13\\\/sustentabilidade-pessoas\\\/#primaryimage\"},\"thumbnailUrl\":\"https:\\\/\\\/rodadaguagsa.com.br\\\/wp-content\\\/uploads\\\/2023\\\/02\\\/BLD-DSC06383-2048x1536-1.jpg\",\"datePublished\":\"2023-02-13T14:58:00+00:00\",\"dateModified\":\"2025-01-16T19:48:21+00:00\",\"description\":\"Texto sobre o conceito de sustentabilidade pessoal, que engloba respeito aos ecossistemas e \u00e0s pessoas, equil\u00edbrio financeiro e bem-estar individual.\",\"breadcrumb\":{\"@id\":\"https:\\\/\\\/rodadaguagsa.com.br\\\/index.php\\\/2023\\\/02\\\/13\\\/sustentabilidade-pessoas\\\/#breadcrumb\"},\"inLanguage\":\"pt-BR\",\"potentialAction\":[{\"@type\":\"ReadAction\",\"target\":[\"https:\\\/\\\/rodadaguagsa.com.br\\\/index.php\\\/2023\\\/02\\\/13\\\/sustentabilidade-pessoas\\\/\"]}]},{\"@type\":\"ImageObject\",\"inLanguage\":\"pt-BR\",\"@id\":\"https:\\\/\\\/rodadaguagsa.com.br\\\/index.php\\\/2023\\\/02\\\/13\\\/sustentabilidade-pessoas\\\/#primaryimage\",\"url\":\"https:\\\/\\\/rodadaguagsa.com.br\\\/wp-content\\\/uploads\\\/2023\\\/02\\\/BLD-DSC06383-2048x1536-1.jpg\",\"contentUrl\":\"https:\\\/\\\/rodadaguagsa.com.br\\\/wp-content\\\/uploads\\\/2023\\\/02\\\/BLD-DSC06383-2048x1536-1.jpg\",\"width\":1472,\"height\":1104},{\"@type\":\"BreadcrumbList\",\"@id\":\"https:\\\/\\\/rodadaguagsa.com.br\\\/index.php\\\/2023\\\/02\\\/13\\\/sustentabilidade-pessoas\\\/#breadcrumb\",\"itemListElement\":[{\"@type\":\"ListItem\",\"position\":1,\"name\":\"In\u00edcio\",\"item\":\"https:\\\/\\\/rodadaguagsa.com.br\\\/\"},{\"@type\":\"ListItem\",\"position\":2,\"name\":\"Sustentabilidade das pessoas: o que \u00e9 e qual sua rela\u00e7\u00e3o com Desenvolvimento Sustent\u00e1vel\"}]},{\"@type\":\"WebSite\",\"@id\":\"https:\\\/\\\/rodadaguagsa.com.br\\\/#website\",\"url\":\"https:\\\/\\\/rodadaguagsa.com.br\\\/\",\"name\":\"rodadaguagsa.com.br\",\"description\":\"Sustentabilidade pessoal, gerenciamento financeiro, consumo sustent\u00e1vel, gest\u00e3o sociomabiental de organiza\u00e7\u00f5es\",\"publisher\":{\"@id\":\"https:\\\/\\\/rodadaguagsa.com.br\\\/#organization\"},\"potentialAction\":[{\"@type\":\"SearchAction\",\"target\":{\"@type\":\"EntryPoint\",\"urlTemplate\":\"https:\\\/\\\/rodadaguagsa.com.br\\\/?s={search_term_string}\"},\"query-input\":{\"@type\":\"PropertyValueSpecification\",\"valueRequired\":true,\"valueName\":\"search_term_string\"}}],\"inLanguage\":\"pt-BR\"},{\"@type\":\"Organization\",\"@id\":\"https:\\\/\\\/rodadaguagsa.com.br\\\/#organization\",\"name\":\"Roda d'\u00c1gua Gest\u00e3o Socioambiental\",\"url\":\"https:\\\/\\\/rodadaguagsa.com.br\\\/\",\"logo\":{\"@type\":\"ImageObject\",\"inLanguage\":\"pt-BR\",\"@id\":\"https:\\\/\\\/rodadaguagsa.com.br\\\/#\\\/schema\\\/logo\\\/image\\\/\",\"url\":\"https:\\\/\\\/rodadaguagsa.com.br\\\/wp-content\\\/uploads\\\/2023\\\/02\\\/logocor2vazado.gif\",\"contentUrl\":\"https:\\\/\\\/rodadaguagsa.com.br\\\/wp-content\\\/uploads\\\/2023\\\/02\\\/logocor2vazado.gif\",\"width\":2436,\"height\":951,\"caption\":\"Roda d'\u00c1gua Gest\u00e3o Socioambiental\"},\"image\":{\"@id\":\"https:\\\/\\\/rodadaguagsa.com.br\\\/#\\\/schema\\\/logo\\\/image\\\/\"}},{\"@type\":\"Person\",\"@id\":\"https:\\\/\\\/rodadaguagsa.com.br\\\/#\\\/schema\\\/person\\\/ddf6077abc6ed6680d68cdfe2990c92b\",\"name\":\"Bely Pires\",\"image\":{\"@type\":\"ImageObject\",\"inLanguage\":\"pt-BR\",\"@id\":\"https:\\\/\\\/secure.gravatar.com\\\/avatar\\\/10bb80b7bd8574585439fb6f8313a707053310bb5f71076bbb8f39a7bd5e3ff6?s=96&d=mm&r=g\",\"url\":\"https:\\\/\\\/secure.gravatar.com\\\/avatar\\\/10bb80b7bd8574585439fb6f8313a707053310bb5f71076bbb8f39a7bd5e3ff6?s=96&d=mm&r=g\",\"contentUrl\":\"https:\\\/\\\/secure.gravatar.com\\\/avatar\\\/10bb80b7bd8574585439fb6f8313a707053310bb5f71076bbb8f39a7bd5e3ff6?s=96&d=mm&r=g\",\"caption\":\"Bely Pires\"},\"sameAs\":[\"https:\\\/\\\/www.rodadaguagsa.com.br\"],\"url\":\"https:\\\/\\\/rodadaguagsa.com.br\\\/index.php\\\/author\\\/bely\\\/\"}]}<\/script>\n<!-- \/ Yoast SEO plugin. -->","yoast_head_json":{"title":"Sustentabilidade das pessoas","description":"Texto sobre o conceito de sustentabilidade pessoal, que engloba respeito aos ecossistemas e \u00e0s pessoas, equil\u00edbrio financeiro e bem-estar individual.","robots":{"index":"index","follow":"follow","max-snippet":"max-snippet:-1","max-image-preview":"max-image-preview:large","max-video-preview":"max-video-preview:-1"},"canonical":"https:\/\/rodadaguagsa.com.br\/index.php\/2023\/02\/13\/sustentabilidade-pessoas\/","og_locale":"pt_BR","og_type":"article","og_title":"Sustentabilidade das pessoas","og_description":"Texto sobre o conceito de sustentabilidade pessoal, que engloba respeito aos ecossistemas e \u00e0s pessoas, equil\u00edbrio financeiro e bem-estar individual.","og_url":"https:\/\/rodadaguagsa.com.br\/index.php\/2023\/02\/13\/sustentabilidade-pessoas\/","og_site_name":"Roda d&#039;\u00c1gua Gest\u00e3o Socioambiental","article_published_time":"2023-02-13T14:58:00+00:00","article_modified_time":"2025-01-16T19:48:21+00:00","og_image":[{"width":1472,"height":1104,"url":"https:\/\/rodadaguagsa.com.br\/wp-content\/uploads\/2023\/02\/BLD-DSC06383-2048x1536-1.jpg","type":"image\/jpeg"}],"author":"Bely Pires","twitter_card":"summary_large_image","twitter_misc":{"Escrito por":"Bely Pires","Est. tempo de leitura":"7 minutos"},"schema":{"@context":"https:\/\/schema.org","@graph":[{"@type":"Article","@id":"https:\/\/rodadaguagsa.com.br\/index.php\/2023\/02\/13\/sustentabilidade-pessoas\/#article","isPartOf":{"@id":"https:\/\/rodadaguagsa.com.br\/index.php\/2023\/02\/13\/sustentabilidade-pessoas\/"},"author":{"name":"Bely Pires","@id":"https:\/\/rodadaguagsa.com.br\/#\/schema\/person\/ddf6077abc6ed6680d68cdfe2990c92b"},"headline":"Sustentabilidade das pessoas: o que \u00e9 e qual sua rela\u00e7\u00e3o com Desenvolvimento Sustent\u00e1vel","datePublished":"2023-02-13T14:58:00+00:00","dateModified":"2025-01-16T19:48:21+00:00","mainEntityOfPage":{"@id":"https:\/\/rodadaguagsa.com.br\/index.php\/2023\/02\/13\/sustentabilidade-pessoas\/"},"wordCount":1165,"publisher":{"@id":"https:\/\/rodadaguagsa.com.br\/#organization"},"image":{"@id":"https:\/\/rodadaguagsa.com.br\/index.php\/2023\/02\/13\/sustentabilidade-pessoas\/#primaryimage"},"thumbnailUrl":"https:\/\/rodadaguagsa.com.br\/wp-content\/uploads\/2023\/02\/BLD-DSC06383-2048x1536-1.jpg","keywords":["Bem-estar humano","desenvolvimento sustent\u00e1vel","Servi\u00e7os ecossist\u00eamicos","sustentabilidade pessoal"],"articleSection":["Sustentabilidade"],"inLanguage":"pt-BR"},{"@type":"WebPage","@id":"https:\/\/rodadaguagsa.com.br\/index.php\/2023\/02\/13\/sustentabilidade-pessoas\/","url":"https:\/\/rodadaguagsa.com.br\/index.php\/2023\/02\/13\/sustentabilidade-pessoas\/","name":"Sustentabilidade das pessoas","isPartOf":{"@id":"https:\/\/rodadaguagsa.com.br\/#website"},"primaryImageOfPage":{"@id":"https:\/\/rodadaguagsa.com.br\/index.php\/2023\/02\/13\/sustentabilidade-pessoas\/#primaryimage"},"image":{"@id":"https:\/\/rodadaguagsa.com.br\/index.php\/2023\/02\/13\/sustentabilidade-pessoas\/#primaryimage"},"thumbnailUrl":"https:\/\/rodadaguagsa.com.br\/wp-content\/uploads\/2023\/02\/BLD-DSC06383-2048x1536-1.jpg","datePublished":"2023-02-13T14:58:00+00:00","dateModified":"2025-01-16T19:48:21+00:00","description":"Texto sobre o conceito de sustentabilidade pessoal, que engloba respeito aos ecossistemas e \u00e0s pessoas, equil\u00edbrio financeiro e bem-estar individual.","breadcrumb":{"@id":"https:\/\/rodadaguagsa.com.br\/index.php\/2023\/02\/13\/sustentabilidade-pessoas\/#breadcrumb"},"inLanguage":"pt-BR","potentialAction":[{"@type":"ReadAction","target":["https:\/\/rodadaguagsa.com.br\/index.php\/2023\/02\/13\/sustentabilidade-pessoas\/"]}]},{"@type":"ImageObject","inLanguage":"pt-BR","@id":"https:\/\/rodadaguagsa.com.br\/index.php\/2023\/02\/13\/sustentabilidade-pessoas\/#primaryimage","url":"https:\/\/rodadaguagsa.com.br\/wp-content\/uploads\/2023\/02\/BLD-DSC06383-2048x1536-1.jpg","contentUrl":"https:\/\/rodadaguagsa.com.br\/wp-content\/uploads\/2023\/02\/BLD-DSC06383-2048x1536-1.jpg","width":1472,"height":1104},{"@type":"BreadcrumbList","@id":"https:\/\/rodadaguagsa.com.br\/index.php\/2023\/02\/13\/sustentabilidade-pessoas\/#breadcrumb","itemListElement":[{"@type":"ListItem","position":1,"name":"In\u00edcio","item":"https:\/\/rodadaguagsa.com.br\/"},{"@type":"ListItem","position":2,"name":"Sustentabilidade das pessoas: o que \u00e9 e qual sua rela\u00e7\u00e3o com Desenvolvimento Sustent\u00e1vel"}]},{"@type":"WebSite","@id":"https:\/\/rodadaguagsa.com.br\/#website","url":"https:\/\/rodadaguagsa.com.br\/","name":"rodadaguagsa.com.br","description":"Sustentabilidade pessoal, gerenciamento financeiro, consumo sustent\u00e1vel, gest\u00e3o sociomabiental de organiza\u00e7\u00f5es","publisher":{"@id":"https:\/\/rodadaguagsa.com.br\/#organization"},"potentialAction":[{"@type":"SearchAction","target":{"@type":"EntryPoint","urlTemplate":"https:\/\/rodadaguagsa.com.br\/?s={search_term_string}"},"query-input":{"@type":"PropertyValueSpecification","valueRequired":true,"valueName":"search_term_string"}}],"inLanguage":"pt-BR"},{"@type":"Organization","@id":"https:\/\/rodadaguagsa.com.br\/#organization","name":"Roda d'\u00c1gua Gest\u00e3o Socioambiental","url":"https:\/\/rodadaguagsa.com.br\/","logo":{"@type":"ImageObject","inLanguage":"pt-BR","@id":"https:\/\/rodadaguagsa.com.br\/#\/schema\/logo\/image\/","url":"https:\/\/rodadaguagsa.com.br\/wp-content\/uploads\/2023\/02\/logocor2vazado.gif","contentUrl":"https:\/\/rodadaguagsa.com.br\/wp-content\/uploads\/2023\/02\/logocor2vazado.gif","width":2436,"height":951,"caption":"Roda d'\u00c1gua Gest\u00e3o Socioambiental"},"image":{"@id":"https:\/\/rodadaguagsa.com.br\/#\/schema\/logo\/image\/"}},{"@type":"Person","@id":"https:\/\/rodadaguagsa.com.br\/#\/schema\/person\/ddf6077abc6ed6680d68cdfe2990c92b","name":"Bely Pires","image":{"@type":"ImageObject","inLanguage":"pt-BR","@id":"https:\/\/secure.gravatar.com\/avatar\/10bb80b7bd8574585439fb6f8313a707053310bb5f71076bbb8f39a7bd5e3ff6?s=96&d=mm&r=g","url":"https:\/\/secure.gravatar.com\/avatar\/10bb80b7bd8574585439fb6f8313a707053310bb5f71076bbb8f39a7bd5e3ff6?s=96&d=mm&r=g","contentUrl":"https:\/\/secure.gravatar.com\/avatar\/10bb80b7bd8574585439fb6f8313a707053310bb5f71076bbb8f39a7bd5e3ff6?s=96&d=mm&r=g","caption":"Bely Pires"},"sameAs":["https:\/\/www.rodadaguagsa.com.br"],"url":"https:\/\/rodadaguagsa.com.br\/index.php\/author\/bely\/"}]}},"_links":{"self":[{"href":"https:\/\/rodadaguagsa.com.br\/index.php\/wp-json\/wp\/v2\/posts\/3059","targetHints":{"allow":["GET"]}}],"collection":[{"href":"https:\/\/rodadaguagsa.com.br\/index.php\/wp-json\/wp\/v2\/posts"}],"about":[{"href":"https:\/\/rodadaguagsa.com.br\/index.php\/wp-json\/wp\/v2\/types\/post"}],"author":[{"embeddable":true,"href":"https:\/\/rodadaguagsa.com.br\/index.php\/wp-json\/wp\/v2\/users\/3"}],"replies":[{"embeddable":true,"href":"https:\/\/rodadaguagsa.com.br\/index.php\/wp-json\/wp\/v2\/comments?post=3059"}],"version-history":[{"count":79,"href":"https:\/\/rodadaguagsa.com.br\/index.php\/wp-json\/wp\/v2\/posts\/3059\/revisions"}],"predecessor-version":[{"id":10253,"href":"https:\/\/rodadaguagsa.com.br\/index.php\/wp-json\/wp\/v2\/posts\/3059\/revisions\/10253"}],"wp:featuredmedia":[{"embeddable":true,"href":"https:\/\/rodadaguagsa.com.br\/index.php\/wp-json\/wp\/v2\/media\/10247"}],"wp:attachment":[{"href":"https:\/\/rodadaguagsa.com.br\/index.php\/wp-json\/wp\/v2\/media?parent=3059"}],"wp:term":[{"taxonomy":"category","embeddable":true,"href":"https:\/\/rodadaguagsa.com.br\/index.php\/wp-json\/wp\/v2\/categories?post=3059"},{"taxonomy":"post_tag","embeddable":true,"href":"https:\/\/rodadaguagsa.com.br\/index.php\/wp-json\/wp\/v2\/tags?post=3059"}],"curies":[{"name":"wp","href":"https:\/\/api.w.org\/{rel}","templated":true}]}}